{"id":11162,"date":"2023-02-10T14:53:19","date_gmt":"2023-02-10T13:53:19","guid":{"rendered":"https:\/\/www.aera-sa.fr\/2023\/02\/10\/cfia-rennes-2023\/"},"modified":"2023-07-10T15:58:33","modified_gmt":"2023-07-10T13:58:33","slug":"cfia-rennes-2023","status":"publish","type":"post","link":"https:\/\/www.aera-sa.fr\/de\/2023\/02\/10\/cfia-rennes-2023\/","title":{"rendered":"CFIA RENNES 2023"},"content":{"rendered":"\t\t<div data-elementor-type=\"wp-post\" data-elementor-id=\"11162\" class=\"elementor elementor-11162 elementor-10584\" data-elementor-post-type=\"post\">\n\t\t\t\t\t\t<section class=\"elementor-section elementor-top-section elementor-element elementor-element-53e31b8 elementor-section-boxed elementor-section-height-default elementor-section-height-default\" data-id=\"53e31b8\" data-element_type=\"section\">\n\t\t\t\t\t\t<div class=\"elementor-container elementor-column-gap-default\">\n\t\t\t\t\t<div class=\"elementor-column elementor-col-100 elementor-top-column elementor-element elementor-element-daaed98\" data-id=\"daaed98\" data-element_type=\"column\">\n\t\t\t<div class=\"elementor-widget-wrap elementor-element-populated\">\n\t\t\t\t\t\t<section class=\"elementor-section elementor-inner-section elementor-element elementor-element-43d5b35 elementor-section-boxed elementor-section-height-default elementor-section-height-default\" data-id=\"43d5b35\" data-element_type=\"section\">\n\t\t\t\t\t\t<div class=\"elementor-container elementor-column-gap-default\">\n\t\t\t\t\t<div class=\"elementor-column elementor-col-50 elementor-inner-column elementor-element elementor-element-069318e\" data-id=\"069318e\" data-element_type=\"column\">\n\t\t\t<div class=\"elementor-widget-wrap elementor-element-populated\">\n\t\t\t\t\t\t<div class=\"elementor-element elementor-element-55eb9f6 elementor-widget elementor-widget-image\" data-id=\"55eb9f6\" data-element_type=\"widget\" data-widget_type=\"image.default\">\n\t\t\t\t<div class=\"elementor-widget-container\">\n\t\t\t\t\t\t\t\t\t\t\t\t\t\t\t\t<a href=\"https:\/\/www.cfiaexpo.com\/fr\" target=\"_blank\">\n\t\t\t\t\t\t\t<img fetchpriority=\"high\" decoding=\"async\" width=\"529\" height=\"259\" src=\"https:\/\/www.aera-sa.fr\/wp-content\/uploads\/2023\/02\/Capture.jpg\" class=\"attachment-large size-large wp-image-10588\" alt=\"CFIA 2023\" srcset=\"https:\/\/www.aera-sa.fr\/wp-content\/uploads\/2023\/02\/Capture.jpg 529w, https:\/\/www.aera-sa.fr\/wp-content\/uploads\/2023\/02\/Capture-300x147.jpg 300w\" sizes=\"(max-width: 529px) 100vw, 529px\" \/>\t\t\t\t\t\t\t\t<\/a>\n\t\t\t\t\t\t\t\t\t\t\t\t\t\t\t<\/div>\n\t\t\t\t<\/div>\n\t\t\t\t\t<\/div>\n\t\t<\/div>\n\t\t\t\t<div class=\"elementor-column elementor-col-50 elementor-inner-column elementor-element elementor-element-6c19bf3\" data-id=\"6c19bf3\" data-element_type=\"column\">\n\t\t\t<div class=\"elementor-widget-wrap elementor-element-populated\">\n\t\t\t\t\t\t<div class=\"elementor-element elementor-element-a1c77d2 elementor-widget elementor-widget-heading\" data-id=\"a1c77d2\" data-element_type=\"widget\" data-widget_type=\"heading.default\">\n\t\t\t\t<div class=\"elementor-widget-container\">\n\t\t\t\t\t<h2 class=\"elementor-heading-title elementor-size-default\">CFIA 2023<\/h2>\t\t\t\t<\/div>\n\t\t\t\t<\/div>\n\t\t\t\t<div class=\"elementor-element elementor-element-8040cb3 elementor-widget elementor-widget-text-editor\" data-id=\"8040cb3\" data-element_type=\"widget\" data-widget_type=\"text-editor.default\">\n\t\t\t\t<div class=\"elementor-widget-container\">\n\t\t\t\t\t\t\t\t\t<p>AERA war auf der Messe CFIA vom 14. bis 16 M\u00e4rz 2023 in Rennes.<\/p>\n<p>Es war eine Freude f\u00fcr unser Vertriebsteam Sie auf der Messe zu begr\u00fc\u00dfen. Gerne haben wir uns mit Ihnen \u00fcber Ihre Bed\u00fcrfnisse ausgetauscht und Ihnen unser L\u00f6sungen und Neuerungen im Bereich de Lebensmittelindustrie vorgestellt.<\/p>\n<p><br><\/p>\t\t\t\t\t\t\t\t<\/div>\n\t\t\t\t<\/div>\n\t\t\t\t\t<\/div>\n\t\t<\/div>\n\t\t\t\t\t<\/div>\n\t\t<\/section>\n\t\t\t\t\t<\/div>\n\t\t<\/div>\n\t\t\t\t\t<\/div>\n\t\t<\/section>\n\t\t\t\t<\/div>\n\t\t","protected":false},"excerpt":{"rendered":"<p>CFIA 2023 AERA war auf der Messe CFIA vom 14. bis 16 M\u00e4rz 2023 in Rennes. Es war eine Freude f\u00fcr unser Vertriebsteam Sie auf der Messe zu begr\u00fc\u00dfen. Gerne haben wir uns mit Ihnen \u00fcber Ihre Bed\u00fcrfnisse ausgetauscht und Ihnen unser L\u00f6sungen und Neuerungen im Bereich de Lebensmittelindustrie vorgestellt.<\/p>\n","protected":false},"author":5,"featured_media":10588,"comment_status":"closed","ping_status":"closed","sticky":false,"template":"","format":"standard","meta":{"inline_featured_image":false,"footnotes":""},"categories":[12],"tags":[],"class_list":["post-11162","post","type-post","status-publish","format-standard","has-post-thumbnail","hentry","category-unkategorisiert"],"yoast_head":"<!-- This site is optimized with the Yoast SEO plugin v25.6 - https:\/\/yoast.com\/wordpress\/plugins\/seo\/ -->\n<title>CFIA RENNES 2023 - AERA<\/title>\n<meta name=\"robots\" content=\"index, follow, max-snippet:-1, max-image-preview:large, max-video-preview:-1\" \/>\n<link rel=\"canonical\" href=\"https:\/\/www.aera-sa.fr\/de\/2023\/02\/10\/cfia-rennes-2023\/\" \/>\n<meta property=\"og:locale\" content=\"de_DE\" \/>\n<meta property=\"og:type\" content=\"article\" \/>\n<meta property=\"og:title\" content=\"CFIA RENNES 2023 - AERA\" \/>\n<meta property=\"og:description\" content=\"CFIA 2023 AERA war auf der Messe CFIA vom 14. bis 16 M\u00e4rz 2023 in Rennes. Es war eine Freude f\u00fcr unser Vertriebsteam Sie auf der Messe zu begr\u00fc\u00dfen. Gerne haben wir uns mit Ihnen \u00fcber Ihre Bed\u00fcrfnisse ausgetauscht und Ihnen unser L\u00f6sungen und Neuerungen im Bereich de Lebensmittelindustrie vorgestellt.\" \/>\n<meta property=\"og:url\" content=\"https:\/\/www.aera-sa.fr\/de\/2023\/02\/10\/cfia-rennes-2023\/\" \/>\n<meta property=\"og:site_name\" content=\"AERA\" \/>\n<meta property=\"article:published_time\" content=\"2023-02-10T13:53:19+00:00\" \/>\n<meta property=\"article:modified_time\" content=\"2023-07-10T13:58:33+00:00\" \/>\n<meta property=\"og:image\" content=\"https:\/\/www.aera-sa.fr\/wp-content\/uploads\/2023\/02\/Capture.jpg\" \/>\n\t<meta property=\"og:image:width\" content=\"529\" \/>\n\t<meta property=\"og:image:height\" content=\"259\" \/>\n\t<meta property=\"og:image:type\" content=\"image\/jpeg\" \/>\n<meta name=\"author\" content=\"ameyer\" \/>\n<meta name=\"twitter:card\" content=\"summary_large_image\" \/>\n<meta name=\"twitter:label1\" content=\"Verfasst von\" \/>\n\t<meta name=\"twitter:data1\" content=\"ameyer\" \/>\n\t<meta name=\"twitter:label2\" content=\"Gesch\u00e4tzte Lesezeit\" \/>\n\t<meta name=\"twitter:data2\" content=\"1\u00a0Minute\" \/>\n<script type=\"application\/ld+json\" class=\"yoast-schema-graph\">{\"@context\":\"https:\/\/schema.org\",\"@graph\":[{\"@type\":\"Article\",\"@id\":\"https:\/\/www.aera-sa.fr\/de\/2023\/02\/10\/cfia-rennes-2023\/#article\",\"isPartOf\":{\"@id\":\"https:\/\/www.aera-sa.fr\/de\/2023\/02\/10\/cfia-rennes-2023\/\"},\"author\":{\"name\":\"ameyer\",\"@id\":\"https:\/\/www.aera-sa.fr\/de\/#\/schema\/person\/62102448a1c5aba260ecc0b2229d323a\"},\"headline\":\"CFIA RENNES 2023\",\"datePublished\":\"2023-02-10T13:53:19+00:00\",\"dateModified\":\"2023-07-10T13:58:33+00:00\",\"mainEntityOfPage\":{\"@id\":\"https:\/\/www.aera-sa.fr\/de\/2023\/02\/10\/cfia-rennes-2023\/\"},\"wordCount\":53,\"publisher\":{\"@id\":\"https:\/\/www.aera-sa.fr\/de\/#organization\"},\"image\":{\"@id\":\"https:\/\/www.aera-sa.fr\/de\/2023\/02\/10\/cfia-rennes-2023\/#primaryimage\"},\"thumbnailUrl\":\"https:\/\/www.aera-sa.fr\/wp-content\/uploads\/2023\/02\/Capture.jpg\",\"articleSection\":[\"Unkategorisiert\"],\"inLanguage\":\"de\"},{\"@type\":\"WebPage\",\"@id\":\"https:\/\/www.aera-sa.fr\/de\/2023\/02\/10\/cfia-rennes-2023\/\",\"url\":\"https:\/\/www.aera-sa.fr\/de\/2023\/02\/10\/cfia-rennes-2023\/\",\"name\":\"CFIA RENNES 2023 - AERA\",\"isPartOf\":{\"@id\":\"https:\/\/www.aera-sa.fr\/de\/#website\"},\"primaryImageOfPage\":{\"@id\":\"https:\/\/www.aera-sa.fr\/de\/2023\/02\/10\/cfia-rennes-2023\/#primaryimage\"},\"image\":{\"@id\":\"https:\/\/www.aera-sa.fr\/de\/2023\/02\/10\/cfia-rennes-2023\/#primaryimage\"},\"thumbnailUrl\":\"https:\/\/www.aera-sa.fr\/wp-content\/uploads\/2023\/02\/Capture.jpg\",\"datePublished\":\"2023-02-10T13:53:19+00:00\",\"dateModified\":\"2023-07-10T13:58:33+00:00\",\"breadcrumb\":{\"@id\":\"https:\/\/www.aera-sa.fr\/de\/2023\/02\/10\/cfia-rennes-2023\/#breadcrumb\"},\"inLanguage\":\"de\",\"potentialAction\":[{\"@type\":\"ReadAction\",\"target\":[\"https:\/\/www.aera-sa.fr\/de\/2023\/02\/10\/cfia-rennes-2023\/\"]}]},{\"@type\":\"ImageObject\",\"inLanguage\":\"de\",\"@id\":\"https:\/\/www.aera-sa.fr\/de\/2023\/02\/10\/cfia-rennes-2023\/#primaryimage\",\"url\":\"https:\/\/www.aera-sa.fr\/wp-content\/uploads\/2023\/02\/Capture.jpg\",\"contentUrl\":\"https:\/\/www.aera-sa.fr\/wp-content\/uploads\/2023\/02\/Capture.jpg\",\"width\":529,\"height\":259,\"caption\":\"CFIA 2023\"},{\"@type\":\"BreadcrumbList\",\"@id\":\"https:\/\/www.aera-sa.fr\/de\/2023\/02\/10\/cfia-rennes-2023\/#breadcrumb\",\"itemListElement\":[{\"@type\":\"ListItem\",\"position\":1,\"name\":\"Accueil\",\"item\":\"https:\/\/www.aera-sa.fr\/de\/home\/\"},{\"@type\":\"ListItem\",\"position\":2,\"name\":\"CFIA RENNES 2023\"}]},{\"@type\":\"WebSite\",\"@id\":\"https:\/\/www.aera-sa.fr\/de\/#website\",\"url\":\"https:\/\/www.aera-sa.fr\/de\/\",\"name\":\"AERA\",\"description\":\"Solutions de mise sous film et papier\",\"publisher\":{\"@id\":\"https:\/\/www.aera-sa.fr\/de\/#organization\"},\"potentialAction\":[{\"@type\":\"SearchAction\",\"target\":{\"@type\":\"EntryPoint\",\"urlTemplate\":\"https:\/\/www.aera-sa.fr\/de\/?s={search_term_string}\"},\"query-input\":{\"@type\":\"PropertyValueSpecification\",\"valueRequired\":true,\"valueName\":\"search_term_string\"}}],\"inLanguage\":\"de\"},{\"@type\":\"Organization\",\"@id\":\"https:\/\/www.aera-sa.fr\/de\/#organization\",\"name\":\"AERA\",\"url\":\"https:\/\/www.aera-sa.fr\/de\/\",\"logo\":{\"@type\":\"ImageObject\",\"inLanguage\":\"de\",\"@id\":\"https:\/\/www.aera-sa.fr\/de\/#\/schema\/logo\/image\/\",\"url\":\"https:\/\/www.aera-sa.fr\/wp-content\/uploads\/2021\/09\/logo-aera-miroir.png\",\"contentUrl\":\"https:\/\/www.aera-sa.fr\/wp-content\/uploads\/2021\/09\/logo-aera-miroir.png\",\"width\":177,\"height\":264,\"caption\":\"AERA\"},\"image\":{\"@id\":\"https:\/\/www.aera-sa.fr\/de\/#\/schema\/logo\/image\/\"}},{\"@type\":\"Person\",\"@id\":\"https:\/\/www.aera-sa.fr\/de\/#\/schema\/person\/62102448a1c5aba260ecc0b2229d323a\",\"name\":\"ameyer\",\"url\":\"https:\/\/www.aera-sa.fr\/de\/author\/ameyer\/\"}]}<\/script>\n<!-- \/ Yoast SEO plugin. -->","yoast_head_json":{"title":"CFIA RENNES 2023 - AERA","robots":{"index":"index","follow":"follow","max-snippet":"max-snippet:-1","max-image-preview":"max-image-preview:large","max-video-preview":"max-video-preview:-1"},"canonical":"https:\/\/www.aera-sa.fr\/de\/2023\/02\/10\/cfia-rennes-2023\/","og_locale":"de_DE","og_type":"article","og_title":"CFIA RENNES 2023 - AERA","og_description":"CFIA 2023 AERA war auf der Messe CFIA vom 14. bis 16 M\u00e4rz 2023 in Rennes. Es war eine Freude f\u00fcr unser Vertriebsteam Sie auf der Messe zu begr\u00fc\u00dfen. Gerne haben wir uns mit Ihnen \u00fcber Ihre Bed\u00fcrfnisse ausgetauscht und Ihnen unser L\u00f6sungen und Neuerungen im Bereich de Lebensmittelindustrie vorgestellt.","og_url":"https:\/\/www.aera-sa.fr\/de\/2023\/02\/10\/cfia-rennes-2023\/","og_site_name":"AERA","article_published_time":"2023-02-10T13:53:19+00:00","article_modified_time":"2023-07-10T13:58:33+00:00","og_image":[{"width":529,"height":259,"url":"https:\/\/www.aera-sa.fr\/wp-content\/uploads\/2023\/02\/Capture.jpg","type":"image\/jpeg"}],"author":"ameyer","twitter_card":"summary_large_image","twitter_misc":{"Verfasst von":"ameyer","Gesch\u00e4tzte Lesezeit":"1\u00a0Minute"},"schema":{"@context":"https:\/\/schema.org","@graph":[{"@type":"Article","@id":"https:\/\/www.aera-sa.fr\/de\/2023\/02\/10\/cfia-rennes-2023\/#article","isPartOf":{"@id":"https:\/\/www.aera-sa.fr\/de\/2023\/02\/10\/cfia-rennes-2023\/"},"author":{"name":"ameyer","@id":"https:\/\/www.aera-sa.fr\/de\/#\/schema\/person\/62102448a1c5aba260ecc0b2229d323a"},"headline":"CFIA RENNES 2023","datePublished":"2023-02-10T13:53:19+00:00","dateModified":"2023-07-10T13:58:33+00:00","mainEntityOfPage":{"@id":"https:\/\/www.aera-sa.fr\/de\/2023\/02\/10\/cfia-rennes-2023\/"},"wordCount":53,"publisher":{"@id":"https:\/\/www.aera-sa.fr\/de\/#organization"},"image":{"@id":"https:\/\/www.aera-sa.fr\/de\/2023\/02\/10\/cfia-rennes-2023\/#primaryimage"},"thumbnailUrl":"https:\/\/www.aera-sa.fr\/wp-content\/uploads\/2023\/02\/Capture.jpg","articleSection":["Unkategorisiert"],"inLanguage":"de"},{"@type":"WebPage","@id":"https:\/\/www.aera-sa.fr\/de\/2023\/02\/10\/cfia-rennes-2023\/","url":"https:\/\/www.aera-sa.fr\/de\/2023\/02\/10\/cfia-rennes-2023\/","name":"CFIA RENNES 2023 - AERA","isPartOf":{"@id":"https:\/\/www.aera-sa.fr\/de\/#website"},"primaryImageOfPage":{"@id":"https:\/\/www.aera-sa.fr\/de\/2023\/02\/10\/cfia-rennes-2023\/#primaryimage"},"image":{"@id":"https:\/\/www.aera-sa.fr\/de\/2023\/02\/10\/cfia-rennes-2023\/#primaryimage"},"thumbnailUrl":"https:\/\/www.aera-sa.fr\/wp-content\/uploads\/2023\/02\/Capture.jpg","datePublished":"2023-02-10T13:53:19+00:00","dateModified":"2023-07-10T13:58:33+00:00","breadcrumb":{"@id":"https:\/\/www.aera-sa.fr\/de\/2023\/02\/10\/cfia-rennes-2023\/#breadcrumb"},"inLanguage":"de","potentialAction":[{"@type":"ReadAction","target":["https:\/\/www.aera-sa.fr\/de\/2023\/02\/10\/cfia-rennes-2023\/"]}]},{"@type":"ImageObject","inLanguage":"de","@id":"https:\/\/www.aera-sa.fr\/de\/2023\/02\/10\/cfia-rennes-2023\/#primaryimage","url":"https:\/\/www.aera-sa.fr\/wp-content\/uploads\/2023\/02\/Capture.jpg","contentUrl":"https:\/\/www.aera-sa.fr\/wp-content\/uploads\/2023\/02\/Capture.jpg","width":529,"height":259,"caption":"CFIA 2023"},{"@type":"BreadcrumbList","@id":"https:\/\/www.aera-sa.fr\/de\/2023\/02\/10\/cfia-rennes-2023\/#breadcrumb","itemListElement":[{"@type":"ListItem","position":1,"name":"Accueil","item":"https:\/\/www.aera-sa.fr\/de\/home\/"},{"@type":"ListItem","position":2,"name":"CFIA RENNES 2023"}]},{"@type":"WebSite","@id":"https:\/\/www.aera-sa.fr\/de\/#website","url":"https:\/\/www.aera-sa.fr\/de\/","name":"AERA","description":"Solutions de mise sous film et papier","publisher":{"@id":"https:\/\/www.aera-sa.fr\/de\/#organization"},"potentialAction":[{"@type":"SearchAction","target":{"@type":"EntryPoint","urlTemplate":"https:\/\/www.aera-sa.fr\/de\/?s={search_term_string}"},"query-input":{"@type":"PropertyValueSpecification","valueRequired":true,"valueName":"search_term_string"}}],"inLanguage":"de"},{"@type":"Organization","@id":"https:\/\/www.aera-sa.fr\/de\/#organization","name":"AERA","url":"https:\/\/www.aera-sa.fr\/de\/","logo":{"@type":"ImageObject","inLanguage":"de","@id":"https:\/\/www.aera-sa.fr\/de\/#\/schema\/logo\/image\/","url":"https:\/\/www.aera-sa.fr\/wp-content\/uploads\/2021\/09\/logo-aera-miroir.png","contentUrl":"https:\/\/www.aera-sa.fr\/wp-content\/uploads\/2021\/09\/logo-aera-miroir.png","width":177,"height":264,"caption":"AERA"},"image":{"@id":"https:\/\/www.aera-sa.fr\/de\/#\/schema\/logo\/image\/"}},{"@type":"Person","@id":"https:\/\/www.aera-sa.fr\/de\/#\/schema\/person\/62102448a1c5aba260ecc0b2229d323a","name":"ameyer","url":"https:\/\/www.aera-sa.fr\/de\/author\/ameyer\/"}]}},"_links":{"self":[{"href":"https:\/\/www.aera-sa.fr\/de\/wp-json\/wp\/v2\/posts\/11162","targetHints":{"allow":["GET"]}}],"collection":[{"href":"https:\/\/www.aera-sa.fr\/de\/wp-json\/wp\/v2\/posts"}],"about":[{"href":"https:\/\/www.aera-sa.fr\/de\/wp-json\/wp\/v2\/types\/post"}],"author":[{"embeddable":true,"href":"https:\/\/www.aera-sa.fr\/de\/wp-json\/wp\/v2\/users\/5"}],"replies":[{"embeddable":true,"href":"https:\/\/www.aera-sa.fr\/de\/wp-json\/wp\/v2\/comments?post=11162"}],"version-history":[{"count":3,"href":"https:\/\/www.aera-sa.fr\/de\/wp-json\/wp\/v2\/posts\/11162\/revisions"}],"predecessor-version":[{"id":11804,"href":"https:\/\/www.aera-sa.fr\/de\/wp-json\/wp\/v2\/posts\/11162\/revisions\/11804"}],"wp:featuredmedia":[{"embeddable":true,"href":"https:\/\/www.aera-sa.fr\/de\/wp-json\/wp\/v2\/media\/10588"}],"wp:attachment":[{"href":"https:\/\/www.aera-sa.fr\/de\/wp-json\/wp\/v2\/media?parent=11162"}],"wp:term":[{"taxonomy":"category","embeddable":true,"href":"https:\/\/www.aera-sa.fr\/de\/wp-json\/wp\/v2\/categories?post=11162"},{"taxonomy":"post_tag","embeddable":true,"href":"https:\/\/www.aera-sa.fr\/de\/wp-json\/wp\/v2\/tags?post=11162"}],"curies":[{"name":"wp","href":"https:\/\/api.w.org\/{rel}","templated":true}]}}